{"id":967,"date":"2017-09-09T20:31:23","date_gmt":"2017-09-09T19:31:23","guid":{"rendered":"https:\/\/stuttgart-hypnobirthing.de\/blog\/?p=967"},"modified":"2021-01-22T18:01:21","modified_gmt":"2021-01-22T17:01:21","slug":"warnung-fuer-die-milchverfuegbarkeit-bei-plazenta-verzehr-nach-geburt","status":"publish","type":"post","link":"https:\/\/smartegeburt.de\/blog\/warnung-fuer-die-milchverfuegbarkeit-bei-plazenta-verzehr-nach-geburt\/","title":{"rendered":"Warnung f\u00fcr die Milchverf\u00fcgbarkeit bei Plazenta-Verzehr nach der Geburt"},"content":{"rendered":"\nDie Ferien sind nun fast zu Ende, und somit hoffe ich dass ich bald wieder ein wenig Zeit finden werde, etwas neues zu schreiben. \n\nF\u00fcr jetzt m\u00f6chte ich auf einen Artikel aufmerksam machen \u00fcber m\u00f6gliche negative Effekte des Plazenta Kapsel-Konsums nach der Geburt, der immer beliebter wird. Sarah Hollister, eine Krankenschwester und Laktationsberaterin, schreibt in dem Artikel \u00fcber ihre Beobachtungen und theoretische Bedenken, das dieser neuere Trend auf die m\u00fctterliche Milchproduktion einen <a href=\"https:\/\/smartegeburt.de\/blog\/warnung-fuer-die-milchverfuegbarkeit-bei-plazenta-verzehr-nach-geburt\/\" class=\"more-link\">Weiterlesen [...]<\/a>","protected":false},"excerpt":{"rendered":"<p>Die Ferien sind nun fast zu Ende, und somit hoffe ich dass ich bald wieder ein wenig Zeit finden werde, etwas neues zu schreiben. F\u00fcr jetzt m\u00f6chte ich auf einen Artikel aufmerksam machen \u00fcber m\u00f6gliche negative Effekte des Plazenta Kapsel-Konsums nach der Geburt, der immer beliebter wird. Sarah Hollister, eine Krankenschwester und Laktationsberaterin, schreibt in dem Artikel \u00fcber ihre Beobachtungen und theoretische Bedenken, das dieser neuere Trend auf die m\u00fctterliche Milchproduktion einen Weiterlesen [&#8230;]<\/p>\n","protected":false},"author":1,"featured_media":0,"comment_status":"open","ping_status":"open","sticky":false,"template":"","format":"standard","meta":{"kia_subtitle":"","footnotes":""},"categories":[1],"tags":[],"class_list":["post-967","post","type-post","status-publish","format-standard","hentry","category-uncategorized"],"aioseo_notices":[],"_links":{"self":[{"href":"https:\/\/smartegeburt.de\/blog\/wp-json\/wp\/v2\/posts\/967","targetHints":{"allow":["GET"]}}],"collection":[{"href":"https:\/\/smartegeburt.de\/blog\/wp-json\/wp\/v2\/posts"}],"about":[{"href":"https:\/\/smartegeburt.de\/blog\/wp-json\/wp\/v2\/types\/post"}],"author":[{"embeddable":true,"href":"https:\/\/smartegeburt.de\/blog\/wp-json\/wp\/v2\/users\/1"}],"replies":[{"embeddable":true,"href":"https:\/\/smartegeburt.de\/blog\/wp-json\/wp\/v2\/comments?post=967"}],"version-history":[{"count":0,"href":"https:\/\/smartegeburt.de\/blog\/wp-json\/wp\/v2\/posts\/967\/revisions"}],"wp:attachment":[{"href":"https:\/\/smartegeburt.de\/blog\/wp-json\/wp\/v2\/media?parent=967"}],"wp:term":[{"taxonomy":"category","embeddable":true,"href":"https:\/\/smartegeburt.de\/blog\/wp-json\/wp\/v2\/categories?post=967"},{"taxonomy":"post_tag","embeddable":true,"href":"https:\/\/smartegeburt.de\/blog\/wp-json\/wp\/v2\/tags?post=967"}],"curies":[{"name":"wp","href":"https:\/\/api.w.org\/{rel}","templated":true}]}}